{"id":106,"date":"2024-12-21T08:30:15","date_gmt":"2024-12-21T08:30:15","guid":{"rendered":"https:\/\/iwonagluszynska.pl\/?p=106"},"modified":"2024-12-23T09:44:17","modified_gmt":"2024-12-23T09:44:17","slug":"taka-karma","status":"publish","type":"post","link":"https:\/\/iwonagluszynska.pl\/?p=106","title":{"rendered":"Taka karma\u2026"},"content":{"rendered":"\n<p>W lutym 2024 r. rozpocz\u0105\u0142 si\u0119 okres 9 obejmuj\u0105cy nasze reinkarnacje od roku 1864. Warto u\u015bwiadomi\u0107 sobie, \u017ce najbli\u017csze 20 lat b\u0119dzie coraz szerzej otwiera\u0142o dost\u0119p do naszych prze\u017cy\u0107 z ostatnich 160 lat.<\/p>\n\n\n\n<p>To naturalny proces. Dla niejednego z nas te informacje b\u0119d\u0105 ukazywa\u0142y si\u0119 spontanicznie. W obecnym czasie ka\u017cdy z nas dla samego siebie jest najlepszym medium. Wystarczy ws\u0142ucha\u0107 si\u0119 w swoje wn\u0119trze.<\/p>\n\n\n\n<p>Ka\u017cdy z nas ma tam energetyczno \u2013 informacyjne kroniki na sw\u00f3j temat. Tam s\u0105 Twoje zapisy, kt\u00f3re przy sprzyjaj\u0105cych warunkach b\u0119d\u0105 wyp\u0142ywa\u0142y na wierzch Twojego obecnego \u017cycia.<\/p>\n\n\n\n<p>Ten cykl zako\u0144czy si\u0119 na pocz\u0105tku lutego 2044 roku zamykaj\u0105c ca\u0142e 180 lat i otwieraj\u0105c kolejny cykl czasu.<\/p>\n\n\n\n<p>Niejedni z nas w ci\u0105gu tego 20 lecia odczuj\u0105 \u0142agodny powiew karmy. Inni do\u015bwiadcz\u0105 karmicznej wichury \u2013 pok\u0142osia swoich wcze\u015bniejszych dzia\u0142a\u0144, kt\u00f3re wcielili w \u017cycie od 1864 roku.<\/p>\n\n\n\n<p>To nieuniknione. Na tym polega si\u0142a energii okresu 9, zamykaj\u0105cego ten czas. Nadszed\u0142 czas \u017cniw i otwarcia dost\u0119pu do niebia\u0144skich energii. Mamy mo\u017cliwo\u015b\u0107 zwie\u0144czenia naszych duchowych praktyk, medytacji, transformacji.<\/p>\n","protected":false},"excerpt":{"rendered":"<p>W lutym 2024 r. rozpocz\u0105\u0142 si\u0119 okres 9 obejmuj\u0105cy nasze reinkarnacje od roku 1864. Warto u\u015bwiadomi\u0107 sobie, \u017ce najbli\u017csze 20 lat b\u0119dzie coraz szerzej otwiera\u0142o dost\u0119p do naszych prze\u017cy\u0107 z ostatnich 160 lat. To naturalny proces. Dla niejednego z nas te informacje b\u0119d\u0105 ukazywa\u0142y si\u0119 spontanicznie. W obecnym czasie ka\u017cdy z nas dla samego siebie [&hellip;]<\/p>\n","protected":false},"author":1,"featured_media":166,"comment_status":"open","ping_status":"open","sticky":false,"template":"","format":"standard","meta":{"_et_pb_use_builder":"off","_et_pb_old_content":"<!-- wp:paragraph -->\n<p>W lutym 2024 r. rozpocz\u0105\u0142 si\u0119 okres 9 obejmuj\u0105cy nasze reinkarnacje od roku 1864. Warto u\u015bwiadomi\u0107 sobie, \u017ce najbli\u017csze 20 lat b\u0119dzie coraz szerzej otwiera\u0142o dost\u0119p do naszych prze\u017cy\u0107 z ostatnich 160 lat.<\/p>\n<!-- \/wp:paragraph -->\n\n<!-- wp:paragraph -->\n<p>To naturalny proces. Dla niejednego z nas te informacje b\u0119d\u0105 ukazywa\u0142y si\u0119 spontanicznie. W obecnym czasie ka\u017cdy z nas dla samego siebie jest najlepszym medium. Wystarczy ws\u0142ucha\u0107 si\u0119 w swoje wn\u0119trze.<\/p>\n<!-- \/wp:paragraph -->\n\n<!-- wp:paragraph -->\n<p>Ka\u017cdy z nas ma tam energetyczno \u2013 informacyjne kroniki na sw\u00f3j temat. Tam s\u0105 Twoje zapisy, kt\u00f3re przy sprzyjaj\u0105cych warunkach b\u0119d\u0105 wyp\u0142ywa\u0142y na wierzch Twojego obecnego \u017cycia.<\/p>\n<!-- \/wp:paragraph -->\n\n<!-- wp:paragraph -->\n<p>Ten cykl zako\u0144czy si\u0119 na pocz\u0105tku lutego 2044 roku zamykaj\u0105c ca\u0142e 180 lat i otwieraj\u0105c kolejny cykl czasu.<\/p>\n<!-- \/wp:paragraph -->\n\n<!-- wp:paragraph -->\n<p>Niejedni z nas w ci\u0105gu tego 20 lecia odczuj\u0105 \u0142agodny powiew karmy. Inni do\u015bwiadcz\u0105 karmicznej wichury \u2013 pok\u0142osia swoich wcze\u015bniejszych dzia\u0142a\u0144, kt\u00f3re wcielili w \u017cycie od 1864 roku.<\/p>\n<!-- \/wp:paragraph -->\n\n<!-- wp:paragraph -->\n<p>To nieuniknione. Na tym polega si\u0142a energii okresu 9, zamykaj\u0105cego ten czas. Nadszed\u0142 czas \u017cniw i otwarcia dost\u0119pu do niebia\u0144skich energii. Mamy mo\u017cliwo\u015b\u0107 zwie\u0144czenia naszych duchowych praktyk, medytacji, transformacji.<\/p>\n<!-- \/wp:paragraph -->","_et_gb_content_width":"","_jetpack_memberships_contains_paid_content":false,"footnotes":""},"categories":[1],"tags":[],"class_list":["post-106","post","type-post","status-publish","format-standard","has-post-thumbnail","hentry","category-uncategorized"],"jetpack_featured_media_url":"https:\/\/iwonagluszynska.pl\/wp-content\/uploads\/2024\/12\/moje-z-biciem-rekordu.jpg","jetpack_sharing_enabled":true,"_links":{"self":[{"href":"https:\/\/iwonagluszynska.pl\/index.php?rest_route=\/wp\/v2\/posts\/106","targetHints":{"allow":["GET"]}}],"collection":[{"href":"https:\/\/iwonagluszynska.pl\/index.php?rest_route=\/wp\/v2\/posts"}],"about":[{"href":"https:\/\/iwonagluszynska.pl\/index.php?rest_route=\/wp\/v2\/types\/post"}],"author":[{"embeddable":true,"href":"https:\/\/iwonagluszynska.pl\/index.php?rest_route=\/wp\/v2\/users\/1"}],"replies":[{"embeddable":true,"href":"https:\/\/iwonagluszynska.pl\/index.php?rest_route=%2Fwp%2Fv2%2Fcomments&post=106"}],"version-history":[{"count":3,"href":"https:\/\/iwonagluszynska.pl\/index.php?rest_route=\/wp\/v2\/posts\/106\/revisions"}],"predecessor-version":[{"id":168,"href":"https:\/\/iwonagluszynska.pl\/index.php?rest_route=\/wp\/v2\/posts\/106\/revisions\/168"}],"wp:featuredmedia":[{"embeddable":true,"href":"https:\/\/iwonagluszynska.pl\/index.php?rest_route=\/wp\/v2\/media\/166"}],"wp:attachment":[{"href":"https:\/\/iwonagluszynska.pl\/index.php?rest_route=%2Fwp%2Fv2%2Fmedia&parent=106"}],"wp:term":[{"taxonomy":"category","embeddable":true,"href":"https:\/\/iwonagluszynska.pl\/index.php?rest_route=%2Fwp%2Fv2%2Fcategories&post=106"},{"taxonomy":"post_tag","embeddable":true,"href":"https:\/\/iwonagluszynska.pl\/index.php?rest_route=%2Fwp%2Fv2%2Ftags&post=106"}],"curies":[{"name":"wp","href":"https:\/\/api.w.org\/{rel}","templated":true}]}}